{"id":444,"date":"2021-03-22T16:00:24","date_gmt":"2021-03-22T19:00:24","guid":{"rendered":"https:\/\/www.mambrinimotors.com.br\/blog\/?p=444"},"modified":"2021-03-22T16:13:56","modified_gmt":"2021-03-22T19:13:56","slug":"importados-usados-sao-a-bola-da-vez-diante-de-precos-altos-e-falta-de-novos","status":"publish","type":"post","link":"https:\/\/www.mambrinimotors.com.br\/blog\/importados\/importados-usados-sao-a-bola-da-vez-diante-de-precos-altos-e-falta-de-novos\/","title":{"rendered":"Importados usados s\u00e3o a bola da vez diante de pre\u00e7os altos e falta de novos"},"content":{"rendered":"<span class=\"span-reading-time rt-reading-time\" style=\"display: block;\"><span class=\"rt-label rt-prefix\">Tempo de leitura<\/span> <span class=\"rt-time\"> 2<\/span> <span class=\"rt-label rt-postfix\">minutos<\/span><\/span>\n<div id=\"ez-toc-container\" class=\"ez-toc-v2_0_75 counter-hierarchy ez-toc-counter ez-toc-grey ez-toc-container-direction\">\n<div class=\"ez-toc-title-container\">\n<p class=\"ez-toc-title\" style=\"cursor:inherit\">T\u00f3picos do artigo<\/p>\n<span class=\"ez-toc-title-toggle\"><a href=\"#\" class=\"ez-toc-pull-right ez-toc-btn ez-toc-btn-xs ez-toc-btn-default ez-toc-toggle\" aria-label=\"Alternar tabela de conte\u00fado\"><span class=\"ez-toc-js-icon-con\"><span class=\"\"><span class=\"eztoc-hide\" style=\"display:none;\">Toggle<\/span><span class=\"ez-toc-icon-toggle-span\"><svg style=\"fill: #999;color:#999\" xmlns=\"http:\/\/www.w3.org\/2000\/svg\" class=\"list-377408\" width=\"20px\" height=\"20px\" viewBox=\"0 0 24 24\" fill=\"none\"><path d=\"M6 6H4v2h2V6zm14 0H8v2h12V6zM4 11h2v2H4v-2zm16 0H8v2h12v-2zM4 16h2v2H4v-2zm16 0H8v2h12v-2z\" fill=\"currentColor\"><\/path><\/svg><svg style=\"fill: #999;color:#999\" class=\"arrow-unsorted-368013\" xmlns=\"http:\/\/www.w3.org\/2000\/svg\" width=\"10px\" height=\"10px\" viewBox=\"0 0 24 24\" version=\"1.2\" baseProfile=\"tiny\"><path d=\"M18.2 9.3l-6.2-6.3-6.2 6.3c-.2.2-.3.4-.3.7s.1.5.3.7c.2.2.4.3.7.3h11c.3 0 .5-.1.7-.3.2-.2.3-.5.3-.7s-.1-.5-.3-.7zM5.8 14.7l6.2 6.3 6.2-6.3c.2-.2.3-.5.3-.7s-.1-.5-.3-.7c-.2-.2-.4-.3-.7-.3h-11c-.3 0-.5.1-.7.3-.2.2-.3.5-.3.7s.1.5.3.7z\"\/><\/svg><\/span><\/span><\/span><\/a><\/span><\/div>\n<nav><ul class='ez-toc-list ez-toc-list-level-1 ' ><ul class='ez-toc-list-level-3' ><li class='ez-toc-heading-level-3'><a class=\"ez-toc-link ez-toc-heading-1\" href=\"https:\/\/www.mambrinimotors.com.br\/blog\/importados\/importados-usados-sao-a-bola-da-vez-diante-de-precos-altos-e-falta-de-novos\/#Saiba_por_que_o_mercado_de_importados_usados_sao_a_tendencia_do_mercado_em_2021\" >Saiba por que o mercado de importados usados s\u00e3o a tend\u00eancia do mercado  em 2021<\/a><\/li><\/ul><\/li><li class='ez-toc-page-1 ez-toc-heading-level-2'><a class=\"ez-toc-link ez-toc-heading-2\" href=\"https:\/\/www.mambrinimotors.com.br\/blog\/importados\/importados-usados-sao-a-bola-da-vez-diante-de-precos-altos-e-falta-de-novos\/#Motivos_para_o_aumento_da_venda_de_importados_usados\" >Motivos para o aumento da venda de importados usados<\/a><\/li><li class='ez-toc-page-1 ez-toc-heading-level-2'><a class=\"ez-toc-link ez-toc-heading-3\" href=\"https:\/\/www.mambrinimotors.com.br\/blog\/importados\/importados-usados-sao-a-bola-da-vez-diante-de-precos-altos-e-falta-de-novos\/#Quais_modelos_usados_sao_os_mais_buscados\" >Quais modelos usados s\u00e3o os mais buscados?<\/a><ul class='ez-toc-list-level-3' ><li class='ez-toc-heading-level-3'><a class=\"ez-toc-link ez-toc-heading-4\" href=\"https:\/\/www.mambrinimotors.com.br\/blog\/importados\/importados-usados-sao-a-bola-da-vez-diante-de-precos-altos-e-falta-de-novos\/#O_que_esses_dados_representam\" >O que esses dados representam?<\/a><\/li><\/ul><\/li><li class='ez-toc-page-1 ez-toc-heading-level-2'><a class=\"ez-toc-link ez-toc-heading-5\" href=\"https:\/\/www.mambrinimotors.com.br\/blog\/importados\/importados-usados-sao-a-bola-da-vez-diante-de-precos-altos-e-falta-de-novos\/#Vantagens_de_optar_pelos_veiculos_usados\" >Vantagens de optar pelos ve\u00edculos usados<\/a><\/li><\/ul><\/nav><\/div>\n<h3><span class=\"ez-toc-section\" id=\"Saiba_por_que_o_mercado_de_importados_usados_sao_a_tendencia_do_mercado_em_2021\"><\/span><em>Saiba por que o mercado de importados usados s\u00e3o a tend\u00eancia do mercado  em 2021<\/em><span class=\"ez-toc-section-end\"><\/span><\/h3>\n\n\n\n<p>O mercado de ve\u00edculos importados usados vem crescendo cada vez mais. No \u00faltimo ano, especialmente por conta da crise causada pela pandemia do novo coronav\u00edrus, essa tend\u00eancia aumentou ainda mais, em virtude da alta dos pre\u00e7os e da falta de carros novos no mercado.&nbsp;<br><\/p>\n\n\n\n<p>Por conta desse fen\u00f4meno, muitas pessoas come\u00e7aram a optar pelos modelos usados, inclusive os conhecidos importados.&nbsp;<br><\/p>\n\n\n\n<p>Como resultado, notou-se uma natural movimenta\u00e7\u00e3o no mercado. Segundo a Federa\u00e7\u00e3o Nacional das Associa\u00e7\u00f5es dos Revendedores de Ve\u00edculos Automotores, a Fenauto, as vendas de carros usados e seminovos subiram 2,4% no primeiro bimestre em compara\u00e7\u00e3o com 2020.<br><\/p>\n\n\n\n<p>Existem diversos fatores que levaram ao aumento na venda de carros usados, os quais abordaremos a seguir.&nbsp;<\/p>\n\n\n\n<h2><span class=\"ez-toc-section\" id=\"Motivos_para_o_aumento_da_venda_de_importados_usados\"><\/span>Motivos para o aumento da venda de importados usados<span class=\"ez-toc-section-end\"><\/span><\/h2>\n\n\n\n<figure class=\"wp-block-image\"><img src=\"https:\/\/www.mambrinimotors.com.br\/blog\/wp-content\/uploads\/2020\/11\/9496c736-323f-4ae2-968c-ae1598f2ee64_1365x1024-1024x683.jpg\" alt=\"Saiba onde comprar carros importados confi\u00e1veis\" class=\"wp-image-379\"\/><\/figure>\n\n\n\n<p>Um dos motivos para o aumento na compra de carros usados e seminovos est\u00e1 no financiamento. Diferentemente de outros tempos, atualmente existe muita oferta de cr\u00e9dito no mercado para financiamento. Inclusive, muitas empresas facilitam ainda mais a compra, permitindo financiar 100% do valor do carro.<br><\/p>\n\n\n\n<p>Reflexo disso \u00e9 que foi poss\u00edvel notar uma alta de 13% na concess\u00e3o de cr\u00e9dito no come\u00e7o de 2021, motivada pela queda dos juros. A tend\u00eancia e expectativa \u00e9 que o crescimento continue ao longo do ano.<br><\/p>\n\n\n\n<p>Portanto, a melhor hora para comprar o t\u00e3o sonhado ve\u00edculo importado \u00e9 agora.&nbsp;<\/p>\n\n\n\n<h2><span class=\"ez-toc-section\" id=\"Quais_modelos_usados_sao_os_mais_buscados\"><\/span>Quais modelos usados s\u00e3o os mais buscados?<span class=\"ez-toc-section-end\"><\/span><\/h2>\n\n\n\n<p>No mercado de usados e seminovos, os campe\u00f5es s\u00e3o os ve\u00edculos com 13 anos ou mais, cuja representatividade nas vendas est\u00e1 em 34,8%.&nbsp;<br><\/p>\n\n\n\n<p>Em segundo lugar se encontram os ve\u00edculos de 9 a 12 anos, com participa\u00e7\u00e3o de 27,7% no come\u00e7o de 2021.&nbsp;<br><\/p>\n\n\n\n<p>J\u00e1 os seminovos de at\u00e9 tr\u00eas anos representam 9% do total das vendas registradas.<\/p>\n\n\n\n<ul><li><a href=\"https:\/\/www.mambrinimotors.com.br\/blog\/mercado-internacional\/comprar-carro-importado-vale-a-pena\/\" target=\"_blank\" rel=\"noreferrer noopener\" aria-label=\" (abre numa nova aba)\">Comprar carro importado vale a pena?<\/a><\/li><\/ul>\n\n\n\n<h3><span class=\"ez-toc-section\" id=\"O_que_esses_dados_representam\"><\/span>O que esses dados representam?<span class=\"ez-toc-section-end\"><\/span><\/h3>\n\n\n\n<p>A verdade \u00e9 que, com o advento da pandemia, as pessoas tiveram que se adaptar a essa nova realidade. E o reflexo no mercado automotivo \u00e9 representado pelo aumento na venda de ve\u00edculo usados, importados ou n\u00e3o.&nbsp;<br><\/p>\n\n\n\n<p>Ou seja, \u00e9 not\u00f3rio que o poder de compra caiu muito com a crise; por\u00e9m, o mercado continua aquecido com o crescimento na busca dos seminovos.&nbsp;<br><\/p>\n\n\n\n<p>Os compradores adotaram mais cautela nesse momento, optando por modelos mais velhos e rodados que o desejado.<\/p>\n\n\n\n<ul><li><a href=\"https:\/\/www.mambrinimotors.com.br\/blog\/carros-de-luxo\/carros-importados-para-chamar-a-atencao-onde-passar\/\" target=\"_blank\" rel=\"noreferrer noopener\" aria-label=\" (abre numa nova aba)\">Carros importados para chamar a aten\u00e7\u00e3o onde passar<\/a><\/li><\/ul>\n\n\n\n<h2><span class=\"ez-toc-section\" id=\"Vantagens_de_optar_pelos_veiculos_usados\"><\/span>Vantagens de optar pelos ve\u00edculos usados<span class=\"ez-toc-section-end\"><\/span><\/h2>\n\n\n\n<p>Engana-se quem pensa que o mercado de usados n\u00e3o tem boas novidades. Optar pelos seminovos \u00e9 uma alternativa, em muitos casos, mais vantajosa que escolher modelos novos, zero km.<br><\/p>\n\n\n\n<p>Os pre\u00e7os menores, as informa\u00e7\u00f5es a respeito das caracter\u00edsticas e desempenho do carro, as qualidades e o valor de revenda do ve\u00edculo s\u00e3o alguns fatores que levam as pessoas a escolher pelos usados e seminovos.&nbsp;<br><\/p>\n\n\n\n<p>Para ler mais sobre as vantagens de comprar um ve\u00edculo usado importado, <a href=\"https:\/\/www.mambrinimotors.com.br\/blog\/mercado-internacional\/principais-motivos-para-comprar-carro-importado-usado\/\" target=\"_blank\" rel=\"noreferrer noopener\" aria-label=\"confira este artigo (abre numa nova aba)\">confira este artigo<\/a>. <br><\/p>\n\n\n\n<p>Gostou do conte\u00fado? Ent\u00e3o, acompanhe o <a href=\"https:\/\/www.mambrinimotors.com.br\/blog\/\">blog da Mambrini<\/a> para ler mais textos como este. At\u00e9 a pr\u00f3xima!<\/p>\n\n\n\n<p><\/p>\n\n\n\n<p><\/p>\n\n\n\n<p><\/p>\n\n\n\n<p><\/p>\n\n\n\n<p><\/p>\n","protected":false},"excerpt":{"rendered":"<p><span class=\"span-reading-time rt-reading-time\" style=\"display: block;\"><span class=\"rt-label rt-prefix\">Tempo de leitura<\/span> <span class=\"rt-time\"> 2<\/span> <span class=\"rt-label rt-postfix\">minutos<\/span><\/span>Saiba por que o mercado de importados usados s\u00e3o a tend\u00eancia do mercado em 2021 O mercado de ve\u00edculos importados usados vem crescendo cada vez mais. No \u00faltimo ano, especialmente&hellip;<\/p>\n","protected":false},"author":1,"featured_media":446,"comment_status":"open","ping_status":"open","sticky":false,"template":"","format":"standard","meta":[],"categories":[323,4],"tags":[314,318,317,316,319,320,321,322],"_links":{"self":[{"href":"https:\/\/www.mambrinimotors.com.br\/blog\/wp-json\/wp\/v2\/posts\/444"}],"collection":[{"href":"https:\/\/www.mambrinimotors.com.br\/blog\/wp-json\/wp\/v2\/posts"}],"about":[{"href":"https:\/\/www.mambrinimotors.com.br\/blog\/wp-json\/wp\/v2\/types\/post"}],"author":[{"embeddable":true,"href":"https:\/\/www.mambrinimotors.com.br\/blog\/wp-json\/wp\/v2\/users\/1"}],"replies":[{"embeddable":true,"href":"https:\/\/www.mambrinimotors.com.br\/blog\/wp-json\/wp\/v2\/comments?post=444"}],"version-history":[{"count":1,"href":"https:\/\/www.mambrinimotors.com.br\/blog\/wp-json\/wp\/v2\/posts\/444\/revisions"}],"predecessor-version":[{"id":447,"href":"https:\/\/www.mambrinimotors.com.br\/blog\/wp-json\/wp\/v2\/posts\/444\/revisions\/447"}],"wp:featuredmedia":[{"embeddable":true,"href":"https:\/\/www.mambrinimotors.com.br\/blog\/wp-json\/wp\/v2\/media\/446"}],"wp:attachment":[{"href":"https:\/\/www.mambrinimotors.com.br\/blog\/wp-json\/wp\/v2\/media?parent=444"}],"wp:term":[{"taxonomy":"category","embeddable":true,"href":"https:\/\/www.mambrinimotors.com.br\/blog\/wp-json\/wp\/v2\/categories?post=444"},{"taxonomy":"post_tag","embeddable":true,"href":"https:\/\/www.mambrinimotors.com.br\/blog\/wp-json\/wp\/v2\/tags?post=444"}],"curies":[{"name":"wp","href":"https:\/\/api.w.org\/{rel}","templated":true}]}}